{"id":11,"__str__":"Projeto de Lei Ordin\u00e1ria n\u00ba 1531 de 2025","link_detail_backend":"/materia/11","metadata":{},"numero":1531,"ano":2025,"numero_protocolo":19,"data_apresentacao":"2025-01-23","tipo_apresentacao":"E","data_publicacao":null,"numero_origem_externa":"","ano_origem_externa":null,"data_origem_externa":null,"apelido":"","dias_prazo":null,"data_fim_prazo":null,"em_tramitacao":true,"polemica":false,"objeto":"","complementar":false,"ementa":"Disp\u00f5e sobre a padroniza\u00e7\u00e3o das cores de im\u00f3veis p\u00fablicos pertencentes e/ou mantidos pela Prefeitura do Munic\u00edpio de Inconfidentes/MG e d\u00e1 outras provid\u00eancias","indexacao":"","observacao":"","resultado":"","texto_original":"http://sapl.inconfidentes.mg.leg.br/media/sapl/public/materialegislativa/2025/11/projeto_de_lei_1531.pdf","data_ultima_atualizacao":"2025-02-10T13:33:17.101662-03:00","ip":"177.22.123.169","ultima_edicao":"2025-02-10T13:33:16.898767-03:00","tipo":3,"regime_tramitacao":2,"tipo_origem_externa":null,"local_origem_externa":null,"user":3,"anexadas":[],"autores":[7]}